{"id":114,"date":"2013-02-11T09:35:06","date_gmt":"2013-02-11T09:35:06","guid":{"rendered":"https:\/\/wtztrzebinia.pl\/?p=114"},"modified":"2013-02-11T09:35:06","modified_gmt":"2013-02-11T09:35:06","slug":"eliminacje-do-festiwalu-albertiana-2013-29-01-2013","status":"publish","type":"post","link":"https:\/\/wtztrzebinia.pl\/?p=114","title":{"rendered":"Eliminacje do festiwalu \u201eAlbertiana \u2013 2013\u201d \u2013 29.01.2013"},"content":{"rendered":"<p>W dniu 29.01.2013r. warsztatowe artystki z zespo\u0142u \u201eR\u00f3\u017ce pustyni\u201d wzi\u0119\u0142y udzia\u0142 w drugim etapie eliminacji do festiwalu tw\u00f3rczo\u015bci teatralno-muzycznej os\u00f3b niepe\u0142nosprawnych \u201eAlbertiana 2013\u201d.<br \/>\n<!--more--><br \/>\nEliminacje odby\u0142y si\u0119 w domu kultury MOKSiR w Chrzanowie. Podczas przegl\u0105du dziewczyny zaprezentowa\u0142y uk\u0142ad taneczny do utworu Vivaldiego pt. \u201eWiosna\u201d. Na scenie by\u0142y wi\u0119c ta\u0144cz\u0105ce kwiaty, promienne s\u0142o\u0144ce i wiosenny wietrzyk oraz deszczyk. Niestety nie uda\u0142o im si\u0119 zakwalifikowa\u0107 do fina\u0142u, kt\u00f3ry odb\u0119dzie si\u0119 4 marca br. w Teatrze im. J. S\u0142owackiego w Krakowie. Jednak mo\u017cliwo\u015b\u0107 wyst\u0105pienia na scenie to kolejne ich do\u015bwiadczenie artystyczne. Nasi warsztatowi arty\u015bci maj\u0105 jednak nadzieje, \u017ce w kolejnym przegl\u0105dzie uda im si\u0119 zachwyci\u0107 jury i zdoby\u0107 upragnione wyr\u00f3\u017cnienie. Przygotowania zaczynaj\u0105 si\u0119 ju\u017c teraz\u2026<\/p>\n<p>&nbsp;<\/p>\n","protected":false},"excerpt":{"rendered":"<p>W dniu 29.01.2013r. warsztatowe artystki z zespo\u0142u \u201eR\u00f3\u017ce pustyni\u201d wzi\u0119\u0142y udzia\u0142 w drugim etapie eliminacji do festiwalu tw\u00f3rczo\u015bci teatralno-muzycznej os\u00f3b niepe\u0142nosprawnych \u201eAlbertiana 2013\u201d.<\/p>\n","protected":false},"author":1,"featured_media":0,"comment_status":"open","ping_status":"open","sticky":false,"template":"","format":"standard","meta":{"footnotes":""},"categories":[7],"tags":[],"class_list":["post-114","post","type-post","status-publish","format-standard","hentry","category-aktualnosci"],"_links":{"self":[{"href":"https:\/\/wtztrzebinia.pl\/index.php?rest_route=\/wp\/v2\/posts\/114","targetHints":{"allow":["GET"]}}],"collection":[{"href":"https:\/\/wtztrzebinia.pl\/index.php?rest_route=\/wp\/v2\/posts"}],"about":[{"href":"https:\/\/wtztrzebinia.pl\/index.php?rest_route=\/wp\/v2\/types\/post"}],"author":[{"embeddable":true,"href":"https:\/\/wtztrzebinia.pl\/index.php?rest_route=\/wp\/v2\/users\/1"}],"replies":[{"embeddable":true,"href":"https:\/\/wtztrzebinia.pl\/index.php?rest_route=%2Fwp%2Fv2%2Fcomments&post=114"}],"version-history":[{"count":0,"href":"https:\/\/wtztrzebinia.pl\/index.php?rest_route=\/wp\/v2\/posts\/114\/revisions"}],"wp:attachment":[{"href":"https:\/\/wtztrzebinia.pl\/index.php?rest_route=%2Fwp%2Fv2%2Fmedia&parent=114"}],"wp:term":[{"taxonomy":"category","embeddable":true,"href":"https:\/\/wtztrzebinia.pl\/index.php?rest_route=%2Fwp%2Fv2%2Fcategories&post=114"},{"taxonomy":"post_tag","embeddable":true,"href":"https:\/\/wtztrzebinia.pl\/index.php?rest_route=%2Fwp%2Fv2%2Ftags&post=114"}],"curies":[{"name":"wp","href":"https:\/\/api.w.org\/{rel}","templated":true}]}}