{"id":112,"date":"2012-12-17T10:56:38","date_gmt":"2012-12-17T10:56:38","guid":{"rendered":"https:\/\/wtztrzebinia.pl\/?p=112"},"modified":"2012-12-17T10:56:38","modified_gmt":"2012-12-17T10:56:38","slug":"wtz-dolaczyl-do-najlepszych-odbierajac-nagrode-adiunge-optimis","status":"publish","type":"post","link":"https:\/\/wtztrzebinia.pl\/?p=112","title":{"rendered":"WTZ do\u0142\u0105czy\u0142 do najlepszych odbieraj\u0105c nagrod\u0119 \u201eAdiunge optimis\u201d"},"content":{"rendered":"<p>Podczas uroczystej gali w Empireum Kultury \u201cU Florkiewicz\u00f3w\u201d w Zespole Pa\u0142acowo-Parkowym w M\u0142oszowej, w pi\u0119kny zimowy czwartkowy wiecz\u00f3r, 13 grudnia 2012r. Warsztat Terapii Zaj\u0119ciowej Fundacji im. Brata Alberta w Trzebini odebra\u0142 nagrod\u0119 \u201eAdiunge Optimis\u201d przyznawan\u0105 przez Trzebi\u0144ski Ruch Spo\u0142eczny \u201eNiezale\u017cno\u015b\u0107\u201d.<\/p>\n<p><!--more--><\/p>\n<p>Na gali obecni byli przedstawiciele w\u0142adz samorz\u0105dowych, lokalnych organizacji pozarz\u0105dowych, cz\u0142onkowie Stowarzyszenia, przedstawiciele Kolegium Honorowego \u201eAdiunge Optimis\u201d oraz przedstawiciele Fundacji im. Brata Alberta. Nagrod\u0119 na r\u0119ce Ks. Tadeusza Isakowicza Zaleskiego \u2013 Prezesa Zarz\u0105du Krajowego Fundacji im. Brata Alberta i pani Katarzyny Szarzy\u0144skiej \u2013 kierownika WTZ w Trzebini przekaza\u0142 pan Wies\u0142aw Pierzcha\u0142a. <br \/>Symbolem wyr\u00f3\u017cnienia jest z\u0142oty pier\u015bcie\u0144 wykonany specjalnie dla TRS Niezale\u017cno\u015b\u0107 wed\u0142ug projektu Pani Danuty Gryzowej przez Firm\u0119 Handlow\u0105 \u0141odzi\u0144scy s.c. z Krakowa.<br \/>Uroczysto\u015b\u0107 wr\u0119czenia nagrody u\u015bwietni\u0142 recital artysty \u201ePiwnicy pod Baranami\u201d Piotra \u201eKuby\u201d Kubowicza.<\/p>\n<p>&nbsp;<\/p>\n","protected":false},"excerpt":{"rendered":"<p>Podczas uroczystej gali w Empireum Kultury \u201cU Florkiewicz\u00f3w\u201d w Zespole Pa\u0142acowo-Parkowym w M\u0142oszowej, w pi\u0119kny zimowy czwartkowy wiecz\u00f3r, 13 grudnia 2012r. Warsztat Terapii Zaj\u0119ciowej Fundacji im. Brata Alberta w Trzebini odebra\u0142 nagrod\u0119 \u201eAdiunge Optimis\u201d przyznawan\u0105 przez Trzebi\u0144ski Ruch Spo\u0142eczny \u201eNiezale\u017cno\u015b\u0107\u201d.<\/p>\n","protected":false},"author":1,"featured_media":0,"comment_status":"open","ping_status":"open","sticky":false,"template":"","format":"standard","meta":{"footnotes":""},"categories":[7],"tags":[],"class_list":["post-112","post","type-post","status-publish","format-standard","hentry","category-aktualnosci"],"_links":{"self":[{"href":"https:\/\/wtztrzebinia.pl\/index.php?rest_route=\/wp\/v2\/posts\/112","targetHints":{"allow":["GET"]}}],"collection":[{"href":"https:\/\/wtztrzebinia.pl\/index.php?rest_route=\/wp\/v2\/posts"}],"about":[{"href":"https:\/\/wtztrzebinia.pl\/index.php?rest_route=\/wp\/v2\/types\/post"}],"author":[{"embeddable":true,"href":"https:\/\/wtztrzebinia.pl\/index.php?rest_route=\/wp\/v2\/users\/1"}],"replies":[{"embeddable":true,"href":"https:\/\/wtztrzebinia.pl\/index.php?rest_route=%2Fwp%2Fv2%2Fcomments&post=112"}],"version-history":[{"count":0,"href":"https:\/\/wtztrzebinia.pl\/index.php?rest_route=\/wp\/v2\/posts\/112\/revisions"}],"wp:attachment":[{"href":"https:\/\/wtztrzebinia.pl\/index.php?rest_route=%2Fwp%2Fv2%2Fmedia&parent=112"}],"wp:term":[{"taxonomy":"category","embeddable":true,"href":"https:\/\/wtztrzebinia.pl\/index.php?rest_route=%2Fwp%2Fv2%2Fcategories&post=112"},{"taxonomy":"post_tag","embeddable":true,"href":"https:\/\/wtztrzebinia.pl\/index.php?rest_route=%2Fwp%2Fv2%2Ftags&post=112"}],"curies":[{"name":"wp","href":"https:\/\/api.w.org\/{rel}","templated":true}]}}