{"id":111,"date":"2012-12-17T10:55:44","date_gmt":"2012-12-17T10:55:44","guid":{"rendered":"https:\/\/wtztrzebinia.pl\/?p=111"},"modified":"2012-12-17T10:55:44","modified_gmt":"2012-12-17T10:55:44","slug":"spotkanie-oplatkowe-13-grudnia-2012r","status":"publish","type":"post","link":"https:\/\/wtztrzebinia.pl\/?p=111","title":{"rendered":"Spotkanie op\u0142atkowe \u2013 13 grudnia 2012r."},"content":{"rendered":"<p>W dniu 13 grudnia 2012r. o godzinie 10.00 odby\u0142o si\u0119 w naszych trzebi\u0144skich plac\u00f3wkach uroczyste \u015bwi\u0105teczne spotkanie op\u0142atkowe. W spotkaniu jak zwykle wzi\u0119li udzia\u0142 uczestnicy Warsztatu i \u015awietlicy Terapeutycznej, rodzice i opiekunowie, wolontariusze i zaproszeni go\u015bcie; przedstawiciele samorz\u0105du powiatowego i miejskiego, w\u0142adze statutowe Fundacji im. Brata Alberta, przedstawiciele instytucji wsp\u00f3\u0142pracuj\u0105cych z WTZ oraz przyjaciele z innych fundacyjnych jednostek.<br \/>\n<!--more--><br \/>\nSpotkanie u\u015bwietni\u0142 wyst\u0119p uczestnik\u00f3w WTZ oraz dzieci ze \u015bwietlicy, z wi\u0105zank\u0105 kol\u0119d i pastora\u0142ek, przygotowanych w nowych aran\u017cacjach na dzwonki i bumbum rurki. Naszym artyst\u00f3w wspiera\u0142 zesp\u00f3\u0142 Chillitoy. Podczas uroczysto\u015bci wr\u0119czono nagrody im. \u015aP. Hr. Stanis\u0142awa Pruszy\u0144skiego za prac\u0119 spo\u0142eczn\u0105 na rzecz os\u00f3b niepe\u0142nosprawnych. W tym roku otrzymali je; dh Hm Irena Pi\u0105tek \u2013 Komendant hufca ZHP w Trzebini oraz Miros\u0142aw Wysogl\u0105d \u2013 instruktor terapii zaj\u0119ciowe w WTZ w Trzebini. \u017byczenia dla wszystkich zebranych z\u0142o\u017cy\u0142 i po\u015bwi\u0119cenia op\u0142atk\u00f3w dokona\u0142 Ksi\u0105dz Tadeusz Isakowicz \u2013 Zaleski \u2013 Prezes ZK naszej Fundacji. Po cz\u0119\u015bci oficjalnej nast\u0105pi\u0142a ta mniej oficjalna, czyli \u0142amanie si\u0119 op\u0142atkiem, \u017cyczenia \u015bwi\u0105teczne i kosztowanie bo\u017conarodzeniowych specja\u0142\u00f3w. <br \/>Spotkanie zosta\u0142o dofinansowane ze \u015brodk\u00f3w PFRON oraz jak zwykle wsparli nas w jego organizacji rodzice podopiecznych warsztatu i \u015bwietlicy min. pieczonymi s\u0142odko\u015bciami.<\/p>\n","protected":false},"excerpt":{"rendered":"<p>W dniu 13 grudnia 2012r. o godzinie 10.00 odby\u0142o si\u0119 w naszych trzebi\u0144skich plac\u00f3wkach uroczyste \u015bwi\u0105teczne spotkanie op\u0142atkowe. W spotkaniu jak zwykle wzi\u0119li udzia\u0142 uczestnicy Warsztatu i \u015awietlicy Terapeutycznej, rodzice i opiekunowie, wolontariusze i zaproszeni go\u015bcie; przedstawiciele samorz\u0105du powiatowego i miejskiego, w\u0142adze statutowe Fundacji im. Brata Alberta, przedstawiciele instytucji wsp\u00f3\u0142pracuj\u0105cych z WTZ oraz przyjaciele z innych fundacyjnych jednostek.<\/p>\n","protected":false},"author":1,"featured_media":0,"comment_status":"open","ping_status":"open","sticky":false,"template":"","format":"standard","meta":{"footnotes":""},"categories":[7],"tags":[],"class_list":["post-111","post","type-post","status-publish","format-standard","hentry","category-aktualnosci"],"_links":{"self":[{"href":"https:\/\/wtztrzebinia.pl\/index.php?rest_route=\/wp\/v2\/posts\/111","targetHints":{"allow":["GET"]}}],"collection":[{"href":"https:\/\/wtztrzebinia.pl\/index.php?rest_route=\/wp\/v2\/posts"}],"about":[{"href":"https:\/\/wtztrzebinia.pl\/index.php?rest_route=\/wp\/v2\/types\/post"}],"author":[{"embeddable":true,"href":"https:\/\/wtztrzebinia.pl\/index.php?rest_route=\/wp\/v2\/users\/1"}],"replies":[{"embeddable":true,"href":"https:\/\/wtztrzebinia.pl\/index.php?rest_route=%2Fwp%2Fv2%2Fcomments&post=111"}],"version-history":[{"count":0,"href":"https:\/\/wtztrzebinia.pl\/index.php?rest_route=\/wp\/v2\/posts\/111\/revisions"}],"wp:attachment":[{"href":"https:\/\/wtztrzebinia.pl\/index.php?rest_route=%2Fwp%2Fv2%2Fmedia&parent=111"}],"wp:term":[{"taxonomy":"category","embeddable":true,"href":"https:\/\/wtztrzebinia.pl\/index.php?rest_route=%2Fwp%2Fv2%2Fcategories&post=111"},{"taxonomy":"post_tag","embeddable":true,"href":"https:\/\/wtztrzebinia.pl\/index.php?rest_route=%2Fwp%2Fv2%2Ftags&post=111"}],"curies":[{"name":"wp","href":"https:\/\/api.w.org\/{rel}","templated":true}]}}