{"id":110,"date":"2012-12-17T10:54:46","date_gmt":"2012-12-17T10:54:46","guid":{"rendered":"https:\/\/wtztrzebinia.pl\/?p=110"},"modified":"2012-12-17T10:54:46","modified_gmt":"2012-12-17T10:54:46","slug":"swiateczna-zbiorka-zywnosci-07-12-09-12-2012r","status":"publish","type":"post","link":"https:\/\/wtztrzebinia.pl\/?p=110","title":{"rendered":"\u015awi\u0105teczna Zbi\u00f3rka \u017bywno\u015bci \u2013 07.12. \u2013 09.12.2012r."},"content":{"rendered":"<p>W dniach 07.12-09.12.2012r po raz kolejny wsp\u00f3lnie z Krakowskim Bankiem \u017bywno\u015bci przeprowadzili\u015bmy zbi\u00f3rk\u0119 \u017cywno\u015bci. W zbi\u00f3rce brali udzia\u0142 uczestnicy warsztatu, pracownicy oraz wolontariusze \u2013 uczniowie Gimnazjum nr 2 w Trzebini Sierszy.<br \/>\n<!--more--><br \/>\nJak zwykle w zaprzyja\u017anionych trzech lokalnych sklepach; Biedronka w Trzebini, Inter Marche w Trzebini i Piotr i Pawe\u0142 w Chrzanowie, zebrali\u015bmy w sumie 1.232,13 kg \u017cywno\u015bci o przed\u0142u\u017conej trwa\u0142o\u015bci, czyli min.; m\u0105ka, ry\u017c, makaron, konserwy, olej, s\u0142odycze itp. Zebrane produkty zostan\u0105 wykorzystane do przygotowywania posi\u0142k\u00f3w dla podopiecznych naszej Fundacji.Po raz kolejny sk\u0142adamy serdeczne podzi\u0119kowania sklepom, wolontariuszom i darczy\u0144com i ju\u017c zapraszamy na kolejn\u0105 zbi\u00f3rk\u0119 \u017cywno\u015bci, kt\u00f3ra odb\u0119dzie si\u0119 w 2013r. tu\u017c przed Wielkanoc\u0105.<\/p>\n","protected":false},"excerpt":{"rendered":"<p>W dniach 07.12-09.12.2012r po raz kolejny wsp\u00f3lnie z Krakowskim Bankiem \u017bywno\u015bci przeprowadzili\u015bmy zbi\u00f3rk\u0119 \u017cywno\u015bci. W zbi\u00f3rce brali udzia\u0142 uczestnicy warsztatu, pracownicy oraz wolontariusze \u2013 uczniowie Gimnazjum nr 2 w Trzebini Sierszy.<\/p>\n","protected":false},"author":1,"featured_media":0,"comment_status":"open","ping_status":"open","sticky":false,"template":"","format":"standard","meta":{"footnotes":""},"categories":[7],"tags":[],"class_list":["post-110","post","type-post","status-publish","format-standard","hentry","category-aktualnosci"],"_links":{"self":[{"href":"https:\/\/wtztrzebinia.pl\/index.php?rest_route=\/wp\/v2\/posts\/110","targetHints":{"allow":["GET"]}}],"collection":[{"href":"https:\/\/wtztrzebinia.pl\/index.php?rest_route=\/wp\/v2\/posts"}],"about":[{"href":"https:\/\/wtztrzebinia.pl\/index.php?rest_route=\/wp\/v2\/types\/post"}],"author":[{"embeddable":true,"href":"https:\/\/wtztrzebinia.pl\/index.php?rest_route=\/wp\/v2\/users\/1"}],"replies":[{"embeddable":true,"href":"https:\/\/wtztrzebinia.pl\/index.php?rest_route=%2Fwp%2Fv2%2Fcomments&post=110"}],"version-history":[{"count":0,"href":"https:\/\/wtztrzebinia.pl\/index.php?rest_route=\/wp\/v2\/posts\/110\/revisions"}],"wp:attachment":[{"href":"https:\/\/wtztrzebinia.pl\/index.php?rest_route=%2Fwp%2Fv2%2Fmedia&parent=110"}],"wp:term":[{"taxonomy":"category","embeddable":true,"href":"https:\/\/wtztrzebinia.pl\/index.php?rest_route=%2Fwp%2Fv2%2Fcategories&post=110"},{"taxonomy":"post_tag","embeddable":true,"href":"https:\/\/wtztrzebinia.pl\/index.php?rest_route=%2Fwp%2Fv2%2Ftags&post=110"}],"curies":[{"name":"wp","href":"https:\/\/api.w.org\/{rel}","templated":true}]}}