{"id":109,"date":"2012-11-28T13:02:43","date_gmt":"2012-11-28T13:02:43","guid":{"rendered":"https:\/\/wtztrzebinia.pl\/?p=109"},"modified":"2012-11-28T13:02:43","modified_gmt":"2012-11-28T13:02:43","slug":"uroczyste-poswiecenie-nowych-samochodow-warsztatowych-19-11-2012r","status":"publish","type":"post","link":"https:\/\/wtztrzebinia.pl\/?p=109","title":{"rendered":"Uroczyste po\u015bwi\u0119cenie nowych samochod\u00f3w warsztatowych \u2013 19.11.2012r."},"content":{"rendered":"<p style=\"margin-bottom: 0.0001pt; text-align: justify; line-height: normal;\"><span>W dniu 19 listopada 2012 roku&nbsp; w siedzibie Warsztat\u00f3w Terapii Zaj\u0119ciowej w Chrzanowie odby\u0142a si\u0119 uroczysto\u015b\u0107 po\u015bwi\u0119cenia trzech nowych samochod\u00f3w, przeznaczonych do przewozu os\u00f3b niepe\u0142nosprawnych, kt\u00f3re zosta\u0142y zakupione na potrzeby plac\u00f3wek Fundacji im. Brata Alberta dzia\u0142aj\u0105cych w powiecie chrzanowskim. Nowe pojazdy sta\u0142y si\u0119 w\u0142asno\u015bci\u0105 Warsztat\u00f3w Terapii Zaj\u0119ciowej z Trzebini, Libi\u0105\u017ca i Chrzanowa.<br \/>\n<!--more--><br \/>\n<\/span><\/p>\n<p style=\"margin-bottom: 0.0001pt; text-align: justify; line-height: normal;\"><span>Wsp\u00f3lna uroczysto\u015b\u0107 zosta\u0142a zorganizowana przez trzy WTZ-ty, w ogrodzie chrzanowskiego warsztatu. Uroczystego po\u015bwi\u0119cenia pojazd\u00f3w dokonali: Dziekan Dekanatu Chrzanowskiego Ks. Roman S\u0142awie\u0144ski oraz Prezes Fundacji im. Brata Alberta Ksi\u0105dz Tadeusz Isakowicz &#8211; Zaleski.<\/span><\/p>\n<p style=\"margin-bottom: 0.0001pt; text-align: justify; line-height: normal;\"><span>Po po\u015bwi\u0119ceniu nast\u0105pi\u0142o symboliczne przeci\u0119cie wst\u0119gi, kt\u00f3rego dokonali; Prezes Fundacji im. Brata Alberta Ksi\u0105dz Tadeusz Isakowicz \u2013 Zaleski, Starosta Chrzanowski Adam Potocki,<\/span><\/p>\n<p style=\"margin-bottom: 0.0001pt; text-align: justify; line-height: normal;\"><span>Wiceprzewodnicz\u0105cy Rady Powiatu Chrzanowskiego Tadeusz Szybalski oraz Dyrektor PCPR w Chrzanowie Jolanta Szynowska.<\/span><\/p>\n<p style=\"margin-bottom: 0.0001pt; text-align: justify; line-height: normal;\"><span>W wydarzeniu udzia\u0142 wzi\u0119li; delegacje uczestnik\u00f3w wszystkich trzech warsztat\u00f3w, kierownicy WTZ-t\u00f3w w osobach; kierownik WTZ Libi\u0105\u017c Piotr \u015awistak, kierownik WTZ Trzebinia Katarzyna Szarzy\u0144ska i kierownik WTZ Chrzan\u00f3w Robert Gondzik oraz zaproszeni go\u015bcie. <\/span><\/p>\n<p style=\"margin-bottom: 0.0001pt; text-align: justify; line-height: normal;\"><span>Zakup nowych samochod\u00f3w zosta\u0142 dofinansowany ze \u015brodk\u00f3w Pa\u0144stwowego Funduszu Os\u00f3b Niepe\u0142nosprawnych, b\u0119d\u0105cych w dyspozycji Powiatu Chrzanowskiego. Pozyskane przez Fundacj\u0119 wsparcie finansowe w kwocie 450 tys. z\u0142otych pozwoli\u0142o na zakup dw\u00f3ch VW Transporter\u00f3w oraz jednego busa Iveco. Dzi\u0119ki temu poprawi si\u0119 jako\u015b\u0107 przewozu os\u00f3b niepe\u0142nosprawnych uczestnicz\u0105cych w warsztatach, oraz utrzymana b\u0119dzie ich dotychczasowa aktywno\u015b\u0107 w \u017cyciu spo\u0142ecznym i kulturalnym.<\/span><\/p>\n","protected":false},"excerpt":{"rendered":"<p>W dniu 19 listopada 2012 roku&nbsp; w siedzibie Warsztat\u00f3w Terapii Zaj\u0119ciowej w Chrzanowie odby\u0142a si\u0119 uroczysto\u015b\u0107 po\u015bwi\u0119cenia trzech nowych samochod\u00f3w, przeznaczonych do przewozu os\u00f3b niepe\u0142nosprawnych, kt\u00f3re zosta\u0142y zakupione na potrzeby plac\u00f3wek Fundacji im. Brata Alberta dzia\u0142aj\u0105cych w powiecie chrzanowskim. Nowe pojazdy sta\u0142y si\u0119 w\u0142asno\u015bci\u0105 Warsztat\u00f3w Terapii Zaj\u0119ciowej z Trzebini, Libi\u0105\u017ca i Chrzanowa.<\/p>\n","protected":false},"author":1,"featured_media":0,"comment_status":"open","ping_status":"open","sticky":false,"template":"","format":"standard","meta":{"footnotes":""},"categories":[7],"tags":[],"class_list":["post-109","post","type-post","status-publish","format-standard","hentry","category-aktualnosci"],"_links":{"self":[{"href":"https:\/\/wtztrzebinia.pl\/index.php?rest_route=\/wp\/v2\/posts\/109","targetHints":{"allow":["GET"]}}],"collection":[{"href":"https:\/\/wtztrzebinia.pl\/index.php?rest_route=\/wp\/v2\/posts"}],"about":[{"href":"https:\/\/wtztrzebinia.pl\/index.php?rest_route=\/wp\/v2\/types\/post"}],"author":[{"embeddable":true,"href":"https:\/\/wtztrzebinia.pl\/index.php?rest_route=\/wp\/v2\/users\/1"}],"replies":[{"embeddable":true,"href":"https:\/\/wtztrzebinia.pl\/index.php?rest_route=%2Fwp%2Fv2%2Fcomments&post=109"}],"version-history":[{"count":0,"href":"https:\/\/wtztrzebinia.pl\/index.php?rest_route=\/wp\/v2\/posts\/109\/revisions"}],"wp:attachment":[{"href":"https:\/\/wtztrzebinia.pl\/index.php?rest_route=%2Fwp%2Fv2%2Fmedia&parent=109"}],"wp:term":[{"taxonomy":"category","embeddable":true,"href":"https:\/\/wtztrzebinia.pl\/index.php?rest_route=%2Fwp%2Fv2%2Fcategories&post=109"},{"taxonomy":"post_tag","embeddable":true,"href":"https:\/\/wtztrzebinia.pl\/index.php?rest_route=%2Fwp%2Fv2%2Ftags&post=109"}],"curies":[{"name":"wp","href":"https:\/\/api.w.org\/{rel}","templated":true}]}}