{"id":108,"date":"2012-10-23T09:41:41","date_gmt":"2012-10-23T09:41:41","guid":{"rendered":"https:\/\/wtztrzebinia.pl\/?p=108"},"modified":"2012-10-23T09:41:41","modified_gmt":"2012-10-23T09:41:41","slug":"wycieczka-do-bukowiny-tatrzanskiej-18-10-12","status":"publish","type":"post","link":"https:\/\/wtztrzebinia.pl\/?p=108","title":{"rendered":"Wycieczka do Bukowiny Tatrza\u0144skiej &#8211; 18.10.12"},"content":{"rendered":"<p>Wczesnym czwartkowym porankiem 18.10.12, ca\u0142a nasza trzebi\u0144ska ferajna wybra\u0142a si\u0119 na wycieczk\u0119 do Bukowiny Tatrza\u0144skiej, by skorzysta\u0107 z dobrodziejstwa tamtejszych basen\u00f3w termalnych.<\/p>\n<p><!--more--><\/p>\n<p>Po dotarciu na miejsce szybciutko przebrali\u015bmy si\u0119 w stroje k\u0105pielowe i zanurzyli\u015bmy swe zdro\u017cone cia\u0142a w wodach pochodz\u0105cych ze \u017ar\u00f3de\u0142 geotermalnych z bardzo du\u017cej g\u0142\u0119boko\u015bci. Do wykorzystania mieli\u015bmy a\u017c 20 basen\u00f3w o ro\u017cnej g\u0142\u0119boko\u015bci, r\u00f3\u017cnej temperaturze wody i ro\u017cnych atrakcjach dodatkowych. Ten kto zm\u0119czy\u0142 si\u0119 pluskaniem w wodzie m\u00f3g\u0142 odpocz\u0105\u0107 na og\u00f3lnodost\u0119pnych le\u017cakach lub przek\u0105si\u0107 ma\u0142e co nieco w barze. Najbardziej obleganym basenem by\u0142 \u201eBulgotnik\u201d gdzie ka\u017cdy poddawa\u0142 si\u0119 dobroczynnym masa\u017com wodnym oraz \u201eJaskinia pod Poro\u0144cem\u201d gdzie mo\u017cna by\u0142o z\u017cywa\u0107 k\u0105pieli r\u00f3wnocze\u015bnie w promieniach s\u0142o\u0144ca. Ani si\u0119 obejrzeli\u015bmy, jak min\u0119\u0142o kilka godzin i trzeba by\u0142o zbiera\u0107 si\u0119 w drog\u0119 powrotn\u0105.Po zadowolonych minach i niesamowitych wra\u017ceniach, kt\u00f3re opowiadane s\u0105 do dzi\u015b przez uczestnik\u00f3w&nbsp; wydaje si\u0119,\u017ce ch\u0119tnie pojedziemy tam jeszcze nie raz. Na koniec trzeba wspomnie\u0107, \u017ce nasza wycieczka dofinansowana by\u0142a ze \u015brodk\u00f3w PFRON.<\/p>\n","protected":false},"excerpt":{"rendered":"<p>Wczesnym czwartkowym porankiem 18.10.12, ca\u0142a nasza trzebi\u0144ska ferajna wybra\u0142a si\u0119 na wycieczk\u0119 do Bukowiny Tatrza\u0144skiej, by skorzysta\u0107 z dobrodziejstwa tamtejszych basen\u00f3w termalnych.<\/p>\n","protected":false},"author":1,"featured_media":0,"comment_status":"open","ping_status":"open","sticky":false,"template":"","format":"standard","meta":{"footnotes":""},"categories":[7],"tags":[],"class_list":["post-108","post","type-post","status-publish","format-standard","hentry","category-aktualnosci"],"_links":{"self":[{"href":"https:\/\/wtztrzebinia.pl\/index.php?rest_route=\/wp\/v2\/posts\/108","targetHints":{"allow":["GET"]}}],"collection":[{"href":"https:\/\/wtztrzebinia.pl\/index.php?rest_route=\/wp\/v2\/posts"}],"about":[{"href":"https:\/\/wtztrzebinia.pl\/index.php?rest_route=\/wp\/v2\/types\/post"}],"author":[{"embeddable":true,"href":"https:\/\/wtztrzebinia.pl\/index.php?rest_route=\/wp\/v2\/users\/1"}],"replies":[{"embeddable":true,"href":"https:\/\/wtztrzebinia.pl\/index.php?rest_route=%2Fwp%2Fv2%2Fcomments&post=108"}],"version-history":[{"count":0,"href":"https:\/\/wtztrzebinia.pl\/index.php?rest_route=\/wp\/v2\/posts\/108\/revisions"}],"wp:attachment":[{"href":"https:\/\/wtztrzebinia.pl\/index.php?rest_route=%2Fwp%2Fv2%2Fmedia&parent=108"}],"wp:term":[{"taxonomy":"category","embeddable":true,"href":"https:\/\/wtztrzebinia.pl\/index.php?rest_route=%2Fwp%2Fv2%2Fcategories&post=108"},{"taxonomy":"post_tag","embeddable":true,"href":"https:\/\/wtztrzebinia.pl\/index.php?rest_route=%2Fwp%2Fv2%2Ftags&post=108"}],"curies":[{"name":"wp","href":"https:\/\/api.w.org\/{rel}","templated":true}]}}