{"id":107,"date":"2012-10-23T09:39:32","date_gmt":"2012-10-23T09:39:32","guid":{"rendered":"https:\/\/wtztrzebinia.pl\/?p=107"},"modified":"2012-10-23T09:39:32","modified_gmt":"2012-10-23T09:39:32","slug":"xi-mityng-plywacki-im-krzysztofa-brzeczka-w-chrzanowie-16-10-12","status":"publish","type":"post","link":"https:\/\/wtztrzebinia.pl\/?p=107","title":{"rendered":"XI Mityng P\u0142ywacki im. Krzysztofa Brz\u0119czka w Chrzanowie &#8211; 16.10.12"},"content":{"rendered":"<p>Po ca\u0142ym roku intensywnych trening\u00f3w, w dniu 16.10.12 wzi\u0119li\u015bmy udzia\u0142 w Mityngu P\u0142ywackim Os\u00f3b Niepe\u0142nosprawnych w Chrzanowie. Ka\u017cdy z uczestnik\u00f3w bior\u0105cych udzia\u0142 w zawodach m\u00f3g\u0142 stan\u0105\u0107 do konkurencji na wybranym przez siebie dystansie; 25 m, 12m, ze sprz\u0119tem lub bez, czy te\u017c dru\u017cynowo w sztafecie. Jak zwykle ka\u017cdy walczy\u0142 dzielnie i uda\u0142o nam si\u0119 zdoby\u0107 nast\u0119puj\u0105ce miejsca na podium;<br \/>Reprezentant \u015aT Trzebinia; A. Kosno \u2013I miejsce, Reprezentanci WTZ Trzebinia; R. Korczy\u0144ski, A. Chojnicka i A. Majcherczyk \u2013 II miejsce, S. Jelonek \u2013 III miejsce, M. G\u0119borski \u2013 IV miejsce i J. Bukowski \u2013 V miejsce.<\/p>\n","protected":false},"excerpt":{"rendered":"<p>Po ca\u0142ym roku intensywnych trening\u00f3w, w dniu 16.10.12 wzi\u0119li\u015bmy udzia\u0142 w Mityngu P\u0142ywackim Os\u00f3b Niepe\u0142nosprawnych w Chrzanowie. Ka\u017cdy z uczestnik\u00f3w bior\u0105cych udzia\u0142 w zawodach m\u00f3g\u0142 stan\u0105\u0107 do konkurencji na wybranym przez siebie dystansie; 25 m, 12m, ze sprz\u0119tem lub bez, czy te\u017c dru\u017cynowo w sztafecie. Jak zwykle ka\u017cdy walczy\u0142 dzielnie i uda\u0142o nam si\u0119 zdoby\u0107 nast\u0119puj\u0105ce miejsca na podium;Reprezentant \u015aT Trzebinia; A. Kosno \u2013I miejsce, Reprezentanci WTZ Trzebinia; R. Korczy\u0144ski, A. Chojnicka i A. Majcherczyk \u2013 II miejsce, S. Jelonek \u2013 III miejsce, M. G\u0119borski \u2013 IV miejsce i J. Bukowski \u2013 V miejsce.<\/p>\n","protected":false},"author":1,"featured_media":0,"comment_status":"open","ping_status":"open","sticky":false,"template":"","format":"standard","meta":{"footnotes":""},"categories":[7],"tags":[],"class_list":["post-107","post","type-post","status-publish","format-standard","hentry","category-aktualnosci"],"_links":{"self":[{"href":"https:\/\/wtztrzebinia.pl\/index.php?rest_route=\/wp\/v2\/posts\/107","targetHints":{"allow":["GET"]}}],"collection":[{"href":"https:\/\/wtztrzebinia.pl\/index.php?rest_route=\/wp\/v2\/posts"}],"about":[{"href":"https:\/\/wtztrzebinia.pl\/index.php?rest_route=\/wp\/v2\/types\/post"}],"author":[{"embeddable":true,"href":"https:\/\/wtztrzebinia.pl\/index.php?rest_route=\/wp\/v2\/users\/1"}],"replies":[{"embeddable":true,"href":"https:\/\/wtztrzebinia.pl\/index.php?rest_route=%2Fwp%2Fv2%2Fcomments&post=107"}],"version-history":[{"count":0,"href":"https:\/\/wtztrzebinia.pl\/index.php?rest_route=\/wp\/v2\/posts\/107\/revisions"}],"wp:attachment":[{"href":"https:\/\/wtztrzebinia.pl\/index.php?rest_route=%2Fwp%2Fv2%2Fmedia&parent=107"}],"wp:term":[{"taxonomy":"category","embeddable":true,"href":"https:\/\/wtztrzebinia.pl\/index.php?rest_route=%2Fwp%2Fv2%2Fcategories&post=107"},{"taxonomy":"post_tag","embeddable":true,"href":"https:\/\/wtztrzebinia.pl\/index.php?rest_route=%2Fwp%2Fv2%2Ftags&post=107"}],"curies":[{"name":"wp","href":"https:\/\/api.w.org\/{rel}","templated":true}]}}