{"id":1064,"date":"2026-09-03T12:34:50","date_gmt":"2026-09-03T12:34:50","guid":{"rendered":"https:\/\/wtztrzebinia.pl\/?p=1064"},"modified":"2026-09-03T12:34:51","modified_gmt":"2026-09-03T12:34:51","slug":"uroczyste-zakonczenie-akademii-zycia-25-06-2026","status":"publish","type":"post","link":"https:\/\/wtztrzebinia.pl\/?p=1064","title":{"rendered":"Uroczyste zako\u0144czenie Akademii \u017bycia\u00a0 \u2013 25.06.2026"},"content":{"rendered":"\n<p>W pi\u0119kny s\u0142oneczny dzie\u0144 25.06.26 mia\u0142o miejsce uroczyste zako\u0144czenie realizacji zadania publicznego \u201eAkademia \u017bycia \u2013 2026\u201d. \u00a0Uczestnicy WTZ Trzebinia dzi\u0119ki wsparciu <a href=\"https:\/\/www.facebook.com\/TrzebiniaGmina?__cft__%5b0%5d=AZVltb21tN8opqccOkmWtZPnG97FLAbpIfRV9855W6p9sc_o8_zMDarfPOo37qYrDfLAJyeO6Gvtbxj4lOkvISXV8mFpzDqO9xu73IRnZGnP_6HgIhfXpbZQlhmlyAvVwAeCp6Vs3FBI1TE-_JXfg8n_gb_KoOYK9S_T3SKDss5YKXrxhRtCcngM5olSTJd7rf8&amp;__tn__=-%5dK-R\">Gmina Trzebinia<\/a> mogli zrealizowa\u0107 dodatkowe zaj\u0119cia, wzbogacaj\u0105ce swoj\u0105 wiedz\u0119 i umiej\u0119tno\u015bci. W tym roku zaliczyli\u015bmy trzy dodatkowe cykle zaj\u0119\u0107; \u00a0\u201eZaczarowany ogr\u00f3d\u201d, \u201eAktywni w \u017cyciu\u201d i \u201ePami\u0119tajcie o ogrodach\u201d. Wszyscy uczestnicy zaliczyli kolejny rok naszej warsztatowej Akademii \u017bycia \u015bpiewaj\u0105co! Na zako\u0144czenie obejrzeli\u015bmy pi\u0119kna wystaw\u0119 w Dworze Zieleniewskich no i oczywi\u015bcie po rozdaniu dyplom\u00f3w urz\u0105dzili\u015bmy wielkie grillowanie i piknik w naszym warsztatowym ogrodzie. Dzi\u0119kujemy za zaanga\u017cowanie, fotorelacja z wr\u0119czenia dyplom\u00f3w na naszym FB.<\/p>\n","protected":false},"excerpt":{"rendered":"<p>W pi\u0119kny s\u0142oneczny dzie\u0144 25.06.26 mia\u0142o miejsce uroczyste zako\u0144czenie realizacji zadania publicznego \u201eAkademia \u017bycia \u2013 2026\u201d. \u00a0Uczestnicy WTZ Trzebinia dzi\u0119ki wsparciu Gmina Trzebinia mogli zrealizowa\u0107 dodatkowe zaj\u0119cia, wzbogacaj\u0105ce swoj\u0105 wiedz\u0119 i umiej\u0119tno\u015bci. W tym roku zaliczyli\u015bmy trzy dodatkowe cykle zaj\u0119\u0107; \u00a0\u201eZaczarowany ogr\u00f3d\u201d, \u201eAktywni w \u017cyciu\u201d i \u201ePami\u0119tajcie o ogrodach\u201d. Wszyscy uczestnicy zaliczyli kolejny rok naszej warsztatowej Akademii \u017bycia \u015bpiewaj\u0105co! Na zako\u0144czenie obejrzeli\u015bmy pi\u0119kna wystaw\u0119 w Dworze Zieleniewskich no i oczywi\u015bcie po rozdaniu dyplom\u00f3w urz\u0105dzili\u015bmy wielkie grillowanie i piknik w naszym warsztatowym ogrodzie. Dzi\u0119kujemy za zaanga\u017cowanie, fotorelacja z wr\u0119czenia dyplom\u00f3w na naszym FB.<\/p>\n","protected":false},"author":1,"featured_media":0,"comment_status":"closed","ping_status":"closed","sticky":false,"template":"","format":"standard","meta":{"footnotes":""},"categories":[1],"tags":[],"class_list":["post-1064","post","type-post","status-publish","format-standard","hentry","category-uncategorized"],"_links":{"self":[{"href":"https:\/\/wtztrzebinia.pl\/index.php?rest_route=\/wp\/v2\/posts\/1064","targetHints":{"allow":["GET"]}}],"collection":[{"href":"https:\/\/wtztrzebinia.pl\/index.php?rest_route=\/wp\/v2\/posts"}],"about":[{"href":"https:\/\/wtztrzebinia.pl\/index.php?rest_route=\/wp\/v2\/types\/post"}],"author":[{"embeddable":true,"href":"https:\/\/wtztrzebinia.pl\/index.php?rest_route=\/wp\/v2\/users\/1"}],"replies":[{"embeddable":true,"href":"https:\/\/wtztrzebinia.pl\/index.php?rest_route=%2Fwp%2Fv2%2Fcomments&post=1064"}],"version-history":[{"count":1,"href":"https:\/\/wtztrzebinia.pl\/index.php?rest_route=\/wp\/v2\/posts\/1064\/revisions"}],"predecessor-version":[{"id":1065,"href":"https:\/\/wtztrzebinia.pl\/index.php?rest_route=\/wp\/v2\/posts\/1064\/revisions\/1065"}],"wp:attachment":[{"href":"https:\/\/wtztrzebinia.pl\/index.php?rest_route=%2Fwp%2Fv2%2Fmedia&parent=1064"}],"wp:term":[{"taxonomy":"category","embeddable":true,"href":"https:\/\/wtztrzebinia.pl\/index.php?rest_route=%2Fwp%2Fv2%2Fcategories&post=1064"},{"taxonomy":"post_tag","embeddable":true,"href":"https:\/\/wtztrzebinia.pl\/index.php?rest_route=%2Fwp%2Fv2%2Ftags&post=1064"}],"curies":[{"name":"wp","href":"https:\/\/api.w.org\/{rel}","templated":true}]}}