{"id":1062,"date":"2026-09-03T12:33:49","date_gmt":"2026-09-03T12:33:49","guid":{"rendered":"https:\/\/wtztrzebinia.pl\/?p=1062"},"modified":"2026-09-03T12:33:50","modified_gmt":"2026-09-03T12:33:50","slug":"wyjatkowy-mityng-plywacki-im-k-brzeczka-w-chrzanowie-23-06-2026","status":"publish","type":"post","link":"https:\/\/wtztrzebinia.pl\/?p=1062","title":{"rendered":"Wyj\u0105tkowy Mityng P\u0142ywacki im. K. Brz\u0119czka w Chrzanowie \u2013 23.06.2026"},"content":{"rendered":"\n<p>XXIII Og\u00f3lnopolski Mityng P\u0142ywacki Os\u00f3b Niepe\u0142nosprawnych im. Krzysztofa Brz\u0119czka by\u0142 wyj\u0105tkowy. W zwi\u0105zku ze splotem r\u00f3\u017cnych wydarze\u0144 po raz pierwszy odby\u0142 si\u0119 na odkrytych basenach <a href=\"https:\/\/www.facebook.com\/MCSChrzanow?__cft__%5b0%5d=AZhmYqAI_BCXcAyNFGDYS1AV43u8w5VwL9Zs-XZZpybDaLcEiUk5b3XZNHtYRZZ72KHOMHG9GSFDvQo3XmAp2Ov1grvxtyoU_9cOEmhxo52av-WJql93ToY7_aZhRqkMspnEAuxGujKEWNtKdemBZtXwnrubyaEynJ5LaJDXZpb20hm2Z6ropp-2jls&amp;__tn__=-%5dK-R\">Miejskie Centrum Sportu w Chrzanowie<\/a>. Organizatorem zawod\u00f3w by\u0142 Warsztat Terapii Zaj\u0119ciowej z Chrzanowa przy wsparciu \u015awietlicy Terapeutycznej z Chrzanowa. Pi\u0119ciu uczestnik\u00f3w naszego WTZ; Tomasz Tekielak, Angelika Chojnicka, Anna Spyt, Paulina Tomaszkiewicz i Jakub Chwa\u0142a pop\u0142yn\u0119\u0142o koncertowo! Stan\u0119li\u015bmy na podium zdobywaj\u0105c I, II, III i IV miejsca w poszczeg\u00f3lnych kategoriach czasowych. Brawo MY! Dzi\u0119kujemy organizatorom za zaproszenie i super imprez\u0119! 23. &#8222;CHLUP DO WODY&#8221; ju\u017c za nami, a my ju\u017c nie mo\u017cemy si\u0119 doczeka\u0107 kolejnego Mityngu P\u0142ywackiego. Jak zwykle fotorelacja na naszym FB.<\/p>\n","protected":false},"excerpt":{"rendered":"<p>XXIII Og\u00f3lnopolski Mityng P\u0142ywacki Os\u00f3b Niepe\u0142nosprawnych im. Krzysztofa Brz\u0119czka by\u0142 wyj\u0105tkowy. W zwi\u0105zku ze splotem r\u00f3\u017cnych wydarze\u0144 po raz pierwszy odby\u0142 si\u0119 na odkrytych basenach Miejskie Centrum Sportu w Chrzanowie. Organizatorem zawod\u00f3w by\u0142 Warsztat Terapii Zaj\u0119ciowej z Chrzanowa przy wsparciu \u015awietlicy Terapeutycznej z Chrzanowa. Pi\u0119ciu uczestnik\u00f3w naszego WTZ; Tomasz Tekielak, Angelika Chojnicka, Anna Spyt, Paulina Tomaszkiewicz i Jakub Chwa\u0142a pop\u0142yn\u0119\u0142o koncertowo! Stan\u0119li\u015bmy na podium zdobywaj\u0105c I, II, III i IV miejsca w poszczeg\u00f3lnych kategoriach czasowych. Brawo MY! Dzi\u0119kujemy organizatorom za zaproszenie i super imprez\u0119! 23. &#8222;CHLUP DO WODY&#8221; ju\u017c za nami, a my ju\u017c nie mo\u017cemy si\u0119 doczeka\u0107 kolejnego Mityngu P\u0142ywackiego. Jak zwykle fotorelacja na naszym FB.<\/p>\n","protected":false},"author":1,"featured_media":0,"comment_status":"closed","ping_status":"closed","sticky":false,"template":"","format":"standard","meta":{"footnotes":""},"categories":[1],"tags":[],"class_list":["post-1062","post","type-post","status-publish","format-standard","hentry","category-uncategorized"],"_links":{"self":[{"href":"https:\/\/wtztrzebinia.pl\/index.php?rest_route=\/wp\/v2\/posts\/1062","targetHints":{"allow":["GET"]}}],"collection":[{"href":"https:\/\/wtztrzebinia.pl\/index.php?rest_route=\/wp\/v2\/posts"}],"about":[{"href":"https:\/\/wtztrzebinia.pl\/index.php?rest_route=\/wp\/v2\/types\/post"}],"author":[{"embeddable":true,"href":"https:\/\/wtztrzebinia.pl\/index.php?rest_route=\/wp\/v2\/users\/1"}],"replies":[{"embeddable":true,"href":"https:\/\/wtztrzebinia.pl\/index.php?rest_route=%2Fwp%2Fv2%2Fcomments&post=1062"}],"version-history":[{"count":1,"href":"https:\/\/wtztrzebinia.pl\/index.php?rest_route=\/wp\/v2\/posts\/1062\/revisions"}],"predecessor-version":[{"id":1063,"href":"https:\/\/wtztrzebinia.pl\/index.php?rest_route=\/wp\/v2\/posts\/1062\/revisions\/1063"}],"wp:attachment":[{"href":"https:\/\/wtztrzebinia.pl\/index.php?rest_route=%2Fwp%2Fv2%2Fmedia&parent=1062"}],"wp:term":[{"taxonomy":"category","embeddable":true,"href":"https:\/\/wtztrzebinia.pl\/index.php?rest_route=%2Fwp%2Fv2%2Fcategories&post=1062"},{"taxonomy":"post_tag","embeddable":true,"href":"https:\/\/wtztrzebinia.pl\/index.php?rest_route=%2Fwp%2Fv2%2Ftags&post=1062"}],"curies":[{"name":"wp","href":"https:\/\/api.w.org\/{rel}","templated":true}]}}