{"id":101,"date":"2012-10-23T09:18:05","date_gmt":"2012-10-23T09:18:05","guid":{"rendered":"https:\/\/wtztrzebinia.pl\/?p=101"},"modified":"2012-10-23T09:18:05","modified_gmt":"2012-10-23T09:18:05","slug":"ziemniaczysko-pod-lipowcem-09-09-12","status":"publish","type":"post","link":"https:\/\/wtztrzebinia.pl\/?p=101","title":{"rendered":"Ziemniaczysko pod Lipowcem \u2013 09.09.12"},"content":{"rendered":"<p>W przepi\u0119kn\u0105 jesienn\u0105 niedziel\u0119 09 wrze\u015bnia 2012r., nasze obie plac\u00f3wki; WTZ i \u015awietlica Terapeutyczna wzi\u0119\u0142y udzia\u0142 w&nbsp; wydarzeniu \u201eZiemniaczysko pod Lipowcem\u201d \u2013 na kt\u00f3re do skansenu w Wygie\u0142zowie zaprosi\u0142a nas organizacja Lokalna Grupa Dzia\u0142ania \u2013 Partnerstwo na Jurze.<\/p>\n<p><!--more--><\/p>\n<p>Podczas imprezy prezentowali\u015bmy na stoisku nasze prace, kroniki, albumy i og\u00f3lnie chwalili\u015bmy si\u0119 na prawo i lewo tym co robimy, a jak wiecie mamy si\u0119 czym pochwali\u0107. Impreza przyci\u0105gn\u0119\u0142a niezliczone rzesze ludzi, pogoda by\u0142a fantastyczna a atrakcji starczy\u0142oby na kilka spotka\u0144. Dzi\u0119kujemy za zaproszenie i mamy nadzieje, \u017ce spotkamy si\u0119 w tak mi\u0142ych okoliczno\u015bciach jeszcze nie raz. Zapraszamy do naszej galerii gdzie mo\u017cna obejrze\u0107 zdj\u0119cia z tego wydarzenia.<\/p>\n","protected":false},"excerpt":{"rendered":"<p>W przepi\u0119kn\u0105 jesienn\u0105 niedziel\u0119 09 wrze\u015bnia 2012r., nasze obie plac\u00f3wki; WTZ i \u015awietlica Terapeutyczna wzi\u0119\u0142y udzia\u0142 w&nbsp; wydarzeniu \u201eZiemniaczysko pod Lipowcem\u201d \u2013 na kt\u00f3re do skansenu w Wygie\u0142zowie zaprosi\u0142a nas organizacja Lokalna Grupa Dzia\u0142ania \u2013 Partnerstwo na Jurze.<\/p>\n","protected":false},"author":1,"featured_media":0,"comment_status":"open","ping_status":"open","sticky":false,"template":"","format":"standard","meta":{"footnotes":""},"categories":[7],"tags":[],"class_list":["post-101","post","type-post","status-publish","format-standard","hentry","category-aktualnosci"],"_links":{"self":[{"href":"https:\/\/wtztrzebinia.pl\/index.php?rest_route=\/wp\/v2\/posts\/101","targetHints":{"allow":["GET"]}}],"collection":[{"href":"https:\/\/wtztrzebinia.pl\/index.php?rest_route=\/wp\/v2\/posts"}],"about":[{"href":"https:\/\/wtztrzebinia.pl\/index.php?rest_route=\/wp\/v2\/types\/post"}],"author":[{"embeddable":true,"href":"https:\/\/wtztrzebinia.pl\/index.php?rest_route=\/wp\/v2\/users\/1"}],"replies":[{"embeddable":true,"href":"https:\/\/wtztrzebinia.pl\/index.php?rest_route=%2Fwp%2Fv2%2Fcomments&post=101"}],"version-history":[{"count":0,"href":"https:\/\/wtztrzebinia.pl\/index.php?rest_route=\/wp\/v2\/posts\/101\/revisions"}],"wp:attachment":[{"href":"https:\/\/wtztrzebinia.pl\/index.php?rest_route=%2Fwp%2Fv2%2Fmedia&parent=101"}],"wp:term":[{"taxonomy":"category","embeddable":true,"href":"https:\/\/wtztrzebinia.pl\/index.php?rest_route=%2Fwp%2Fv2%2Fcategories&post=101"},{"taxonomy":"post_tag","embeddable":true,"href":"https:\/\/wtztrzebinia.pl\/index.php?rest_route=%2Fwp%2Fv2%2Ftags&post=101"}],"curies":[{"name":"wp","href":"https:\/\/api.w.org\/{rel}","templated":true}]}}